{"id":51,"date":"2012-09-12T17:46:26","date_gmt":"2012-09-12T17:46:26","guid":{"rendered":"http:\/\/legal-property.com\/?p=51"},"modified":"2012-09-19T12:00:55","modified_gmt":"2012-09-19T12:00:55","slug":"o-iva-na-construcao","status":"publish","type":"post","link":"https:\/\/legal-property.com\/pt-pt\/imoveis-geral\/compra-de-casa-em-portugal\/o-iva-na-construcao\/","title":{"rendered":"O IVA na constru\u00e7\u00e3o"},"content":{"rendered":"<p align=\"center\">As empreitadas de determinado tipo de im\u00f3veis podem beneficiar de taxa reduzida (6%, no Continente, 4%, nas Regi\u00f5es Aut\u00f3nomas).<\/p>\n<p>&nbsp;<\/p>\n<p>A taxa aplica-se a <strong>beneficia\u00e7\u00e3o, remodela\u00e7\u00e3o, renova\u00e7\u00e3o, restauro, repara\u00e7\u00e3o ou conserva\u00e7\u00e3o<\/strong> de im\u00f3veis ou partes aut\u00f3nomas afetos \u00e0 habita\u00e7\u00e3o. N\u00e3o se incluem trabalhos de limpeza, manuten\u00e7\u00e3o dos espa\u00e7os verdes ou trabalhos efetuados em piscinas, saunas, campos de t\u00e9nis, golfe ou minigolfe, etc..<\/p>\n<p>&nbsp;<\/p>\n<p>Normalmente, a taxa aplica-se apenas \u00e0 m\u00e3o-de-obra (excluem-se os materiais aplicados). No entanto, se o valor destes materiais n\u00e3o exceder 20 % do valor global da presta\u00e7\u00e3o de servi\u00e7os, a taxa reduzida pode aplicar-se ao valor total da empreitada.<\/p>\n<p>&nbsp;<\/p>\n<p>A taxa reduzida aplica-se tamb\u00e9m nas empreitadas:<\/p>\n<p>&nbsp;<\/p>\n<p>\u2014 reabilita\u00e7\u00e3o urbana (definida em diploma espec\u00edfico) em im\u00f3veis ou espa\u00e7os p\u00fablicos em \u00e1reas de reabilita\u00e7\u00e3o urbana (\u00e1reas cr\u00edticas de recupera\u00e7\u00e3o e reconvers\u00e3o urban\u00edstica, zonas de interven\u00e7\u00e3o das sociedades de reabilita\u00e7\u00e3o urbana, etc.) delimitadas nos termos legais, ou no \u00e2mbito de opera\u00e7\u00f5es de requalifica\u00e7\u00e3o e reabilita\u00e7\u00e3o de reconhecido interesse p\u00fablico nacional;<\/p>\n<p>&nbsp;<\/p>\n<p>\u2014 reabilita\u00e7\u00e3o de im\u00f3veis que, independentemente da localiza\u00e7\u00e3o, sejam contratadas diretamente pelo Instituto da Habita\u00e7\u00e3o e da Reabilita\u00e7\u00e3o Urbana (IHRU), bem como as realizadas no \u00e2mbito de regimes especiais de apoio financeiro ou fiscal \u00e0 reabilita\u00e7\u00e3o de edif\u00edcios ou ao abrigo de programas apoiados pelo IHRU;<\/p>\n<p>&nbsp;<\/p>\n<p>\u2014 constru\u00e7\u00e3o de im\u00f3veis e presta\u00e7\u00f5es de servi\u00e7os relacionados promovidas por cooperativas de habita\u00e7\u00e3o e constru\u00e7\u00e3o cujas habita\u00e7\u00f5es se integrem na pol\u00edtica social de habita\u00e7\u00e3o, certificadas pelo Instituto Nacional de Habita\u00e7\u00e3o, e cuja constru\u00e7\u00e3o respeite o conceito e os par\u00e2metros de habita\u00e7\u00e3o de custos controlados (m\u00e1ximo 20%);<\/p>\n<p>&nbsp;<\/p>\n<p>\u2014 conserva\u00e7\u00e3o, repara\u00e7\u00e3o e beneficia\u00e7\u00e3o dos pr\u00e9dios (ou parte) urbanos habitacionais, propriedade de cooperativas de habita\u00e7\u00e3o e constru\u00e7\u00e3o, cedidos aos seus membros em regime de propriedade coletiva, qualquer que seja a respetiva modalidade;<\/p>\n<p>&nbsp;<\/p>\n<p>\u2014 beneficia\u00e7\u00e3o, remodela\u00e7\u00e3o, renova\u00e7\u00e3o, restauro, repara\u00e7\u00e3o ou conserva\u00e7\u00e3o de im\u00f3veis (ou partes aut\u00f3nomas) afetos \u00e0 habita\u00e7\u00e3o, excluindo limpeza, manuten\u00e7\u00e3o dos espa\u00e7os verdes e empreitadas sobre im\u00f3veis que abranjam todos ou parte dos elementos constitutivos de piscinas, saunas, campos de t\u00e9nis, golfe ou minigolfe, etc. (a taxa reduzida n\u00e3o abrange os materiais incorporados, salvo se o respetivo valor n\u00e3o exceder 20% do valor global da presta\u00e7\u00e3o de servi\u00e7os).<\/p>\n","protected":false},"excerpt":{"rendered":"<p>As empreitadas de determinado tipo de im\u00f3veis podem beneficiar de taxa reduzida (6%, no Continente, 4%, nas Regi\u00f5es Aut\u00f3nomas). &nbsp; A taxa aplica-se a beneficia\u00e7\u00e3o, remodela\u00e7\u00e3o, renova\u00e7\u00e3o, restauro, repara\u00e7\u00e3o ou conserva\u00e7\u00e3o de im\u00f3veis ou partes aut\u00f3nomas afetos \u00e0 habita\u00e7\u00e3o. N\u00e3o se incluem trabalhos de limpeza, manuten\u00e7\u00e3o dos espa\u00e7os verdes ou trabalhos efetuados em piscinas, saunas, &#8230; <a class=\"btn btn-small \" href=\"https:\/\/legal-property.com\/pt-pt\/imoveis-geral\/compra-de-casa-em-portugal\/o-iva-na-construcao\/\">Read More<\/a><\/p>\n","protected":false},"author":2,"featured_media":0,"comment_status":"open","ping_status":"open","sticky":false,"template":"","format":"standard","meta":{"footnotes":""},"categories":[4],"tags":[],"class_list":["post-51","post","type-post","status-publish","format-standard","hentry","category-compra-de-casa-em-portugal"],"_links":{"self":[{"href":"https:\/\/legal-property.com\/pt-pt\/wp-json\/wp\/v2\/posts\/51","targetHints":{"allow":["GET"]}}],"collection":[{"href":"https:\/\/legal-property.com\/pt-pt\/wp-json\/wp\/v2\/posts"}],"about":[{"href":"https:\/\/legal-property.com\/pt-pt\/wp-json\/wp\/v2\/types\/post"}],"author":[{"embeddable":true,"href":"https:\/\/legal-property.com\/pt-pt\/wp-json\/wp\/v2\/users\/2"}],"replies":[{"embeddable":true,"href":"https:\/\/legal-property.com\/pt-pt\/wp-json\/wp\/v2\/comments?post=51"}],"version-history":[{"count":2,"href":"https:\/\/legal-property.com\/pt-pt\/wp-json\/wp\/v2\/posts\/51\/revisions"}],"predecessor-version":[{"id":232,"href":"https:\/\/legal-property.com\/pt-pt\/wp-json\/wp\/v2\/posts\/51\/revisions\/232"}],"wp:attachment":[{"href":"https:\/\/legal-property.com\/pt-pt\/wp-json\/wp\/v2\/media?parent=51"}],"wp:term":[{"taxonomy":"category","embeddable":true,"href":"https:\/\/legal-property.com\/pt-pt\/wp-json\/wp\/v2\/categories?post=51"},{"taxonomy":"post_tag","embeddable":true,"href":"https:\/\/legal-property.com\/pt-pt\/wp-json\/wp\/v2\/tags?post=51"}],"curies":[{"name":"wp","href":"https:\/\/api.w.org\/{rel}","templated":true}]}}