{"id":1486,"date":"2017-04-30T15:06:33","date_gmt":"2017-04-30T15:06:33","guid":{"rendered":"http:\/\/legal-property.com\/immobilienrecht-in-portugal\/eigentumswohnungen\/o-direito-a-afetar-a-habitacao-ao-alojamento-local-2\/"},"modified":"2018-05-30T22:31:58","modified_gmt":"2018-05-30T22:31:58","slug":"o-direito-a-afetar-a-habitacao-ao-alojamento-local","status":"publish","type":"post","link":"https:\/\/legal-property.com\/de\/immobilienrecht-in-portugal\/eigentumswohnungen\/o-direito-a-afetar-a-habitacao-ao-alojamento-local\/","title":{"rendered":"Das Recht, Ihr Haus als lokale Unterkunft zu nutzen"},"content":{"rendered":"<p>Der Oberste Gerichtshof Portugals (STJ) hat k\u00fcrzlich entschieden, dass Hauseigent\u00fcmer von Wohneinheiten Wohnheime zu \u201calojamento local\u201d beeinflussen k\u00f6nnen, auch gegen den Willen der Eigentumswohnung. Dies ist das erste Mal, dass der Oberste Gerichtshof in dieser Angelegenheit entschieden hat. Nachdem die Beschwerdegerichte von Lissabon und Porto gegen das Recht eines Eigent\u00fcmers, ein Haus der lokalen Unterkunft zuzuweisen, entschieden haben, wenn sich die Eigentumswohnung gegen diese Absicht \u00e4u\u00dfert, hat der STJ jetzt begr\u00fcndet die Argumente der Eigent\u00fcmer. Der Oberste Gerichtshof ist der Auffassung, dass die T\u00e4tigkeit der lokalen Unterkunft, die in einem Bruchteil f\u00fcr Wohnungsbau ausge\u00fcbt wird, nicht gegen den jeweiligen Titel verst\u00f6\u00dft, der das horizontale Eigentum regelt, und die Eigentumswohnung kann dadurch die Aus\u00fcbung der lokalen Beherbergungsaktivit\u00e4t nicht verbieten. Urspr\u00fcnglich beschloss das Beschwerdegericht von Lissabon, dass die Versammlung von Eigentumseigent\u00fcmern die Verwendung des Hauses f\u00fcr eine andere Art der Nutzung nicht zulassen darf, wenn der Titel des horizontalen Grundst\u00fccks nur f\u00fcr Wohnzwecke verwendet wird. Das liegt daran, dass dieses Gericht die lokale Unterkunft als kommerzielle T\u00e4tigkeit betrachtet. Dieses Argument wurde jedoch vom Obersten Gerichtshof nicht akzeptiert.<\/p>\n","protected":false},"excerpt":{"rendered":"<p>Der Oberste Gerichtshof Portugals (STJ) hat k\u00fcrzlich entschieden, dass Hauseigent\u00fcmer von Wohneinheiten Wohnheime zu \u201calojamento local\u201d beeinflussen k\u00f6nnen, auch gegen den Willen der Eigentumswohnung. Dies ist das erste Mal, dass der Oberste Gerichtshof in dieser Angelegenheit entschieden hat. Nachdem die Beschwerdegerichte von Lissabon und Porto gegen das Recht eines Eigent\u00fcmers, ein Haus der lokalen Unterkunft &#8230; <a class=\"btn btn-small \" href=\"https:\/\/legal-property.com\/de\/immobilienrecht-in-portugal\/eigentumswohnungen\/o-direito-a-afetar-a-habitacao-ao-alojamento-local\/\">Read More<\/a><\/p>\n","protected":false},"author":2,"featured_media":1688,"comment_status":"open","ping_status":"closed","sticky":false,"template":"","format":"standard","meta":{"footnotes":""},"categories":[44],"tags":[],"class_list":["post-1486","post","type-post","status-publish","format-standard","has-post-thumbnail","hentry","category-eigentumswohnungen"],"_links":{"self":[{"href":"https:\/\/legal-property.com\/de\/wp-json\/wp\/v2\/posts\/1486","targetHints":{"allow":["GET"]}}],"collection":[{"href":"https:\/\/legal-property.com\/de\/wp-json\/wp\/v2\/posts"}],"about":[{"href":"https:\/\/legal-property.com\/de\/wp-json\/wp\/v2\/types\/post"}],"author":[{"embeddable":true,"href":"https:\/\/legal-property.com\/de\/wp-json\/wp\/v2\/users\/2"}],"replies":[{"embeddable":true,"href":"https:\/\/legal-property.com\/de\/wp-json\/wp\/v2\/comments?post=1486"}],"version-history":[{"count":2,"href":"https:\/\/legal-property.com\/de\/wp-json\/wp\/v2\/posts\/1486\/revisions"}],"predecessor-version":[{"id":1708,"href":"https:\/\/legal-property.com\/de\/wp-json\/wp\/v2\/posts\/1486\/revisions\/1708"}],"wp:featuredmedia":[{"embeddable":true,"href":"https:\/\/legal-property.com\/de\/wp-json\/wp\/v2\/media\/1688"}],"wp:attachment":[{"href":"https:\/\/legal-property.com\/de\/wp-json\/wp\/v2\/media?parent=1486"}],"wp:term":[{"taxonomy":"category","embeddable":true,"href":"https:\/\/legal-property.com\/de\/wp-json\/wp\/v2\/categories?post=1486"},{"taxonomy":"post_tag","embeddable":true,"href":"https:\/\/legal-property.com\/de\/wp-json\/wp\/v2\/tags?post=1486"}],"curies":[{"name":"wp","href":"https:\/\/api.w.org\/{rel}","templated":true}]}}